{"id":35221,"date":"2023-03-31T19:26:22","date_gmt":"2023-03-31T12:26:22","guid":{"rendered":"https:\/\/viglaceraip.com\/?p=35221"},"modified":"2023-08-22T19:32:40","modified_gmt":"2023-08-22T12:32:40","slug":"cuban-minister-of-construction-visited-and-worked-with-viglacera-corporation-jsc-ko","status":"publish","type":"post","link":"https:\/\/viglaceraip.com\/ko\/cuban-minister-of-construction-visited-and-worked-with-viglacera-corporation-jsc-ko\/","title":{"rendered":"\ucfe0\ubc14\uc758 \uac74\uc124\ubd80 \uc7a5\uad00 (\uc8fc) \ube44\uae00\ub77c\uc138\ub77c \ubc29\ubb38"},"content":{"rendered":"<p><strong>2023\ub144 3\uc6d4 27 ~ 30\uc77c \uac04, \ucfe0\ubc14\uc758 \uac74\uc124\ubd80 Ren\u00e9 Mesa Villafana \uc7a5\uad00\uacfc \uc8fc \ubca0\ud2b8\ub0a8 \ucfe0\uc790\uc758 Orlando Nicol\u00e1s Hern\u00e1ndez Guill\u00e9n\ub300\uc0ac\uac00 (\uc8fc) \ube44\uae00\ub77c\uc138\ub77c \ubcf8\uc0ac \ubc0f \ube59\ucbd4\uc5c9(B\u00ecnh D\u01b0\u01a1ng) \uc131 \uac74\uc790\uc7ac \uc0dd\uc0b0 \uacf5\uc7a5\uc744 \ubc29\ubb38\ud558\uc600\ub2e4. (\uc8fc) \ube44\uae00\ub77c\uc138\ub77c\uc758 Nguy\u1ec5n Anh Tu\u1ea5n \uc0ac\uc7a5\uc744 \ube44\ub86f\ud574 \uad00\uacc4\uc790\ub4e4\uc774 \ubc29\ubb38\ub2e8\uc744 \ud658\uc601\ud558\uc600\ub2e4.<\/strong><\/p>\n<p style=\"text-align: center;\"><img decoding=\"async\" loading=\"lazy\" class=\"alignnone size-full wp-image-34324\" src=\"https:\/\/viglaceraip.com\/wp-content\/uploads\/2023\/04\/Bo-truong-BXD-Cuba-tham-Viglacera.jpg\" alt=\"\" width=\"1024\" height=\"683\" srcset=\"https:\/\/viglaceraip.com\/wp-content\/uploads\/2023\/04\/Bo-truong-BXD-Cuba-tham-Viglacera.jpg 1024w, https:\/\/viglaceraip.com\/wp-content\/uploads\/2023\/04\/Bo-truong-BXD-Cuba-tham-Viglacera-300x200.jpg 300w, https:\/\/viglaceraip.com\/wp-content\/uploads\/2023\/04\/Bo-truong-BXD-Cuba-tham-Viglacera-768x512.jpg 768w, https:\/\/viglaceraip.com\/wp-content\/uploads\/2023\/04\/Bo-truong-BXD-Cuba-tham-Viglacera-280x187.jpg 280w\" sizes=\"(max-width: 1024px) 100vw, 1024px\" \/><\/p>\n<p>\ucfe0\ubc14\uc758 \uac74\uc124\ubd80 Ren\u00e9 Mesa Villafana \uc7a5\uad00\uc774 (\uc8fc) \ube44\uae00\ub77c\uc138\ub77c\ub97c \ub2e4\uc2dc \ubc29\ubb38\ud558\uae30\ub97c \ubc18\uac15\uc6e0\ub2e4. \ud2b9\ud788, 2022\ub144 \ucf54\ub85c\ub098 19\ub97c \ubd88\uad6c\ud558\uace0 (\uc8fc) \ube44\uae00\ub77c\uc138\ub77c\uc758 \uacbd\uc601\uc758 \uc131\uacfc \ubc0f \uc131\uc7a5\uc728\uc5d0 \ub300\ud55c \uc88b\uc740 \ud3c9\uac00\ub97c \ud558\uc600\ub2e4. Ren\u00e9 Mesa Villafana \uc7a5\uad00\uc774 \uac74\uc790\uc7ac \uc0dd\uc0b0 \ubd84\uc57c\uc640 \ubd80\ub3d9\uc0b0, \uac74\ucd95 \ubd84\uc57c\uc5d0\uc11c \ube44\uae00\ub77c\uc138\ub77c\uc758 \ub178\ud558\uc6b0\uc560 \ub300\ud55c \ubbff\uc74c\uc744 \ud45c\uc2dc\ud558\uace0 \ube44\uae00\ub77c\uc138\ub77c\uc758 \ucfe0\ubc14\uc5d0\uc11c \ud22c\uc790\ud558\ub294 \uc0ac\uc5c5\uc744 \uc801\uadf9\uc801\uc73c\ub85c \uc9c0\uc6d0\ud560 \uc758\uc9c0\ub3c4 \ud45c\uc2dc\ud558\uc600\ub2e4.<\/p>\n<p>2023\ub144 3\uc6d4 30\uc77c, \ucfe0\ubc14\uc758 \uac74\uc124\ubd80 Ren\u00e9 Mesa Villafana \uc7a5\uad00\uc744 \ube44\ub86f\ud574\uc11c \ucfe0\ubc14 \uc815\ubd80 \uad00\uacc4\uc790\ub4e4\uc774 (\uc8fc) \ube44\uae00\ub77c\uc138\ub77c\uc758 \ube59\ucbd4\uc5c9 \uc131 \uac74\uc790\uc7ac \uc0dd\uc0b0 \uacf5\uc7a5\uc744 \ubc29\ubb38\ud558\uc600\ub2e4. \ubca0\ud2b8\ub0a8 \uac74\uc124\ubd80 \uad6d\uc81c\ud611\ub825\uccad\uc7a5\uacfc (\uc8fc) \ube44\uae00\ub77c\uc138\ub77c \uad00\uacc4\uc790\ub4e4\ub3c4 \ub3d9\ud589\ud558\uc600\ub2e4.<\/p>\n<p>\uc0dd\uc0b0 \uacf5\uc7a5\uc744 \ubc29\ubb38\ud558\uace0 \ub178\ub3d9\uc790\uc640 \ub300\ud654 \uc2dc\uac04\uc744 \ub0b4\uc11c , \uac74\uc124\ubd80 Ren\u00e9 Mesa Villafana \uc7a5\uad00\uc774 \uacf5\uc7a5\uc758 \ud604\ub300 \uae30\uc220\uc778 \uc790\ub3d9\ud654 \uacfc\uc7a5, \ub179\uc0c9 \uc0dd\uc0b0 \uacfc\uc815 \ubc0f \uad00\ub9ac \uc2dc\uc2a4\ud15c\uc5d0 \ub300\ud55c \ub192\uc740 \ud3c9\uac00\ub97c \ud558\uc600\ub2e4.<\/p>\n<p style=\"text-align: center;\"><img decoding=\"async\" loading=\"lazy\" class=\"alignnone size-full wp-image-34284\" src=\"https:\/\/viglaceraip.com\/wp-content\/uploads\/2023\/04\/Bo-truong-BXD-Cuba-tham-Viglacera-08.jpg\" alt=\"\" width=\"1024\" height=\"576\" srcset=\"https:\/\/viglaceraip.com\/wp-content\/uploads\/2023\/04\/Bo-truong-BXD-Cuba-tham-Viglacera-08.jpg 1024w, https:\/\/viglaceraip.com\/wp-content\/uploads\/2023\/04\/Bo-truong-BXD-Cuba-tham-Viglacera-08-300x169.jpg 300w, https:\/\/viglaceraip.com\/wp-content\/uploads\/2023\/04\/Bo-truong-BXD-Cuba-tham-Viglacera-08-768x432.jpg 768w, https:\/\/viglaceraip.com\/wp-content\/uploads\/2023\/04\/Bo-truong-BXD-Cuba-tham-Viglacera-08-280x158.jpg 280w\" sizes=\"(max-width: 1024px) 100vw, 1024px\" \/><\/p>\n<p>\uac74\uc124\ubd80 Ren\u00e9 Mesa Villafana \uc7a5\uad00\uc774 \u201c\ucfe0\ubc14\ub294 \ucda9\ubd84\ud55c \uc790\uc5f0 \uc790\uc6d0\ub3c4 \uc788\uace0 \ud22c\uc790 \uc720\uce58\uc758 \uc88b\uc740 \uc815\ucc45\ub4e4\ub3c4 \uc788\uc5b4 \ub77c\ud2f4 \uc544\uba54\ub9ac\uce74 \ubc0f \uce74\ub9ac\ube0c\ud574 \uc2dc\uc7a5\uc73c\ub85c \uc218\ucd9c\uc744 \ud558\uace0 \uc2f6\uc5b4 \ud558\ub294 \ud22c\uc790\uc790\ub4e4\uc5d0\uac8c \uc88b\uc740 \uacf3\uc774\ub2e4\u201d\uba70 \u201c\ucfe0\ubc14\uc640 \ubca0\ud2b8\ub0a8 \ub0a0\uc528 \uc870\uac74\uc774 \ube44\uc2b7\ud558\uace0, \uc591\uad6d\uc758 \uc804\ud1b5 \uc6b0\ud638 \uad00\uacc4 \ubc14\ud0d5\uc73c\ub85c \ud574\uc11c \ube44\uae00\ub77c\uc138\ub77c \ube0c\ub79c\ub4dc\uc758 \uc81c\ud488\ub4e4\uc774 \ucfe0\ubc14\uc5d0\uc11c \ube68\ub9ac \uc0dd\uc0b0\ub418\uace0 \uadfc\ucc98 \uc2dc\uc7a5\uc73c\ub85c \ube68\ub9ac \uc218\ucd9c\ub418\uae30\ub97c \ubc14\ub780\ub2e4\u201d\uace0 \ud558\uc600\ub2e4.<\/p>\n<p>\uac74\uc124\ubd80 Ren\u00e9 Mesa Villafana \uc7a5\uad00\uc758 \ubc29\ubb38 \uc774\ud6c4, (\uc8fc) \ube44\uae00\ub77c\uc138\ub77c\ub294 \uacf5\uc7a5 \uac74\uc790\uc7ac \uc0dd\uc0b0 \uacf5\uc7a5\uc744 \ud22c\uc790\ud560 \uc0ac\uc5c5\uc744 \ucd09\uc9c4\ud558\ub294 \ubc29\ubb38\ub2e8\uc744 \ud30c\uacac\ud560 \uacc4\ud68d\uc774 \uc788\ub2e4. (\uc8fc) \ube44\uae00\ub77c\uc138\ub77c\uc758 Nguy\u1ec5n Anh Tu\u1ea5n\uc0ac\uc7a5\uc774 \u201c\ubca0\ud2b8\ub0a8-\ucfe0\ubc14 \uad00\uacc4\ub294 \uce5c\ubc00\ud55c \uad00\uacc4\ub85c\uc368 \ucfe0\ubc14\uc5d0\uc11c \uac74\ucd95\ud560 \ube44\uae00\ub77c\uc138\ub77c \uacf5\uc7a5\uc740 \ub300\uc801\uc774\uace0, \uc0dd\uc0b0 \ub2a5\ub825\uc774 \ud06c\uace0, \uc2dc\uc7a5 \uc9c4\ucd9c \uac00\ub2a5\uc131\uc774 \ub192\uaca0\ub2e4\u201d\uba70 \u201c\ube44\uae00\ub77c\uc138\ub77c\uac00 \ucfe0\ubc14\uc758 \ubc1c\uc804 \uc704\ud558\uc5ec \ucd5c\uc120\uc744 \ub2e4\ud558\uaca0\ub2e4\u201d\uace0 \uac15\uc870\ud558\uc600\ub2e4.<\/p>\n","protected":false},"excerpt":{"rendered":"<p>2023\ub144 3\uc6d4 27 ~ 30\uc77c \uac04, \ucfe0\ubc14\uc758 \uac74\uc124\ubd80 Ren\u00e9 Mesa Villafana \uc7a5\uad00\uacfc \uc8fc \ubca0\ud2b8\ub0a8 \ucfe0\uc790\uc758 Orlando Nicol\u00e1s Hern\u00e1ndez Guill\u00e9n\ub300\uc0ac\uac00 (\uc8fc) \ube44\uae00\ub77c\uc138\ub77c \ubcf8\uc0ac \ubc0f \ube59\ucbd4\uc5c9(B\u00ecnh D\u01b0\u01a1ng) \uc131 \uac74\uc790\uc7ac \uc0dd\uc0b0 \uacf5\uc7a5\uc744 \ubc29\ubb38\ud558\uc600\ub2e4&#8230;<\/p>\n","protected":false},"author":6,"featured_media":34324,"comment_status":"closed","ping_status":"closed","sticky":false,"template":"","format":"standard","meta":{"_links_to":"","_links_to_target":""},"categories":[114],"tags":[],"yoast_head":"<!-- This site is optimized with the Yoast SEO Premium plugin v19.6 (Yoast SEO v19.13) - https:\/\/yoast.com\/wordpress\/plugins\/seo\/ -->\n<title>\ucfe0\ubc14\uc758 \uac74\uc124\ubd80 \uc7a5\uad00 (\uc8fc) \ube44\uae00\ub77c\uc138\ub77c \ubc29\ubb38 - ViglaceraIP<\/title>\n<meta name=\"description\" content=\"2023\ub144 3\uc6d4 27 ~ 30\uc77c \uac04, \ucfe0\ubc14\uc758 \uac74\uc124\ubd80 Ren\u00e9 Mesa Villafana \uc7a5\uad00\uacfc \uc8fc \ubca0\ud2b8\ub0a8 \ucfe0\uc790\uc758 Orlando Nicol\u00e1s Hern\u00e1ndez Guill\u00e9n\ub300\uc0ac\uac00 (\uc8fc) \ube44\uae00\ub77c\uc138\ub77c \ubcf8\uc0ac \ubc0f \ube59\ucbd4\uc5c9(B\u00ecnh D\u01b0\u01a1ng) \uc131 \uac74\uc790\uc7ac \uc0dd\uc0b0 \uacf5\uc7a5\uc744 \ubc29\ubb38\ud558\uc600\ub2e4...\" \/>\n<meta name=\"robots\" content=\"index, follow, max-snippet:-1, max-image-preview:large, max-video-preview:-1\" \/>\n<link rel=\"canonical\" href=\"https:\/\/viglaceraip.com\/ko\/cuban-minister-of-construction-visited-and-worked-with-viglacera-corporation-jsc-ko\/\" \/>\n<meta property=\"og:locale\" content=\"ko_KR\" \/>\n<meta property=\"og:type\" content=\"article\" \/>\n<meta property=\"og:title\" content=\"\ucfe0\ubc14\uc758 \uac74\uc124\ubd80 \uc7a5\uad00 (\uc8fc) \ube44\uae00\ub77c\uc138\ub77c \ubc29\ubb38\" \/>\n<meta property=\"og:description\" content=\"2023\ub144 3\uc6d4 27 ~ 30\uc77c \uac04, \ucfe0\ubc14\uc758 \uac74\uc124\ubd80 Ren\u00e9 Mesa Villafana \uc7a5\uad00\uacfc \uc8fc \ubca0\ud2b8\ub0a8 \ucfe0\uc790\uc758 Orlando Nicol\u00e1s Hern\u00e1ndez Guill\u00e9n\ub300\uc0ac\uac00 (\uc8fc) \ube44\uae00\ub77c\uc138\ub77c \ubcf8\uc0ac \ubc0f \ube59\ucbd4\uc5c9(B\u00ecnh D\u01b0\u01a1ng) \uc131 \uac74\uc790\uc7ac \uc0dd\uc0b0 \uacf5\uc7a5\uc744 \ubc29\ubb38\ud558\uc600\ub2e4...\" \/>\n<meta property=\"og:url\" content=\"https:\/\/viglaceraip.com\/ko\/cuban-minister-of-construction-visited-and-worked-with-viglacera-corporation-jsc-ko\/\" \/>\n<meta property=\"og:site_name\" content=\"ViglaceraIP\" \/>\n<meta property=\"article:publisher\" content=\"https:\/\/www.facebook.com\/viglaceraland\/\" \/>\n<meta property=\"article:published_time\" content=\"2023-03-31T12:26:22+00:00\" \/>\n<meta property=\"article:modified_time\" content=\"2023-08-22T12:32:40+00:00\" \/>\n<meta property=\"og:image\" content=\"https:\/\/viglaceraip.com\/wp-content\/uploads\/2023\/04\/Bo-truong-BXD-Cuba-tham-Viglacera.jpg\" \/>\n\t<meta property=\"og:image:width\" content=\"1024\" \/>\n\t<meta property=\"og:image:height\" content=\"683\" \/>\n\t<meta property=\"og:image:type\" content=\"image\/jpeg\" \/>\n<meta name=\"author\" content=\"Viglacera IP\" \/>\n<meta name=\"twitter:card\" content=\"summary_large_image\" \/>\n<meta name=\"twitter:label1\" content=\"Written by\" \/>\n\t<meta name=\"twitter:data1\" content=\"Viglacera IP\" \/>\n\t<meta name=\"twitter:label2\" content=\"Est. reading time\" \/>\n\t<meta name=\"twitter:data2\" content=\"2\ubd84\" \/>\n<script type=\"application\/ld+json\" class=\"yoast-schema-graph\">{\"@context\":\"https:\/\/schema.org\",\"@graph\":[{\"@type\":\"Article\",\"@id\":\"https:\/\/viglaceraip.com\/ko\/cuban-minister-of-construction-visited-and-worked-with-viglacera-corporation-jsc-ko\/#article\",\"isPartOf\":{\"@id\":\"https:\/\/viglaceraip.com\/ko\/cuban-minister-of-construction-visited-and-worked-with-viglacera-corporation-jsc-ko\/\"},\"author\":{\"name\":\"Viglacera IP\",\"@id\":\"https:\/\/viglaceraip.com\/#\/schema\/person\/85c02b12e393726c3d6b36cd35f7b70e\"},\"headline\":\"\ucfe0\ubc14\uc758 \uac74\uc124\ubd80 \uc7a5\uad00 (\uc8fc) \ube44\uae00\ub77c\uc138\ub77c \ubc29\ubb38\",\"datePublished\":\"2023-03-31T12:26:22+00:00\",\"dateModified\":\"2023-08-22T12:32:40+00:00\",\"mainEntityOfPage\":{\"@id\":\"https:\/\/viglaceraip.com\/ko\/cuban-minister-of-construction-visited-and-worked-with-viglacera-corporation-jsc-ko\/\"},\"wordCount\":43,\"publisher\":{\"@id\":\"https:\/\/viglaceraip.com\/#organization\"},\"articleSection\":[\"News-ko\"],\"inLanguage\":\"ko-KR\"},{\"@type\":\"WebPage\",\"@id\":\"https:\/\/viglaceraip.com\/ko\/cuban-minister-of-construction-visited-and-worked-with-viglacera-corporation-jsc-ko\/\",\"url\":\"https:\/\/viglaceraip.com\/ko\/cuban-minister-of-construction-visited-and-worked-with-viglacera-corporation-jsc-ko\/\",\"name\":\"\ucfe0\ubc14\uc758 \uac74\uc124\ubd80 \uc7a5\uad00 (\uc8fc) \ube44\uae00\ub77c\uc138\ub77c \ubc29\ubb38 - ViglaceraIP\",\"isPartOf\":{\"@id\":\"https:\/\/viglaceraip.com\/#website\"},\"datePublished\":\"2023-03-31T12:26:22+00:00\",\"dateModified\":\"2023-08-22T12:32:40+00:00\",\"description\":\"2023\ub144 3\uc6d4 27 ~ 30\uc77c \uac04, \ucfe0\ubc14\uc758 \uac74\uc124\ubd80 Ren\u00e9 Mesa Villafana \uc7a5\uad00\uacfc \uc8fc \ubca0\ud2b8\ub0a8 \ucfe0\uc790\uc758 Orlando Nicol\u00e1s Hern\u00e1ndez Guill\u00e9n\ub300\uc0ac\uac00 (\uc8fc) \ube44\uae00\ub77c\uc138\ub77c \ubcf8\uc0ac \ubc0f \ube59\ucbd4\uc5c9(B\u00ecnh D\u01b0\u01a1ng) \uc131 \uac74\uc790\uc7ac \uc0dd\uc0b0 \uacf5\uc7a5\uc744 \ubc29\ubb38\ud558\uc600\ub2e4...\",\"breadcrumb\":{\"@id\":\"https:\/\/viglaceraip.com\/ko\/cuban-minister-of-construction-visited-and-worked-with-viglacera-corporation-jsc-ko\/#breadcrumb\"},\"inLanguage\":\"ko-KR\",\"potentialAction\":[{\"@type\":\"ReadAction\",\"target\":[\"https:\/\/viglaceraip.com\/ko\/cuban-minister-of-construction-visited-and-worked-with-viglacera-corporation-jsc-ko\/\"]}]},{\"@type\":\"BreadcrumbList\",\"@id\":\"https:\/\/viglaceraip.com\/ko\/cuban-minister-of-construction-visited-and-worked-with-viglacera-corporation-jsc-ko\/#breadcrumb\",\"itemListElement\":[{\"@type\":\"ListItem\",\"position\":1,\"name\":\"Home\",\"item\":\"https:\/\/viglaceraip.com\/ko\/\"},{\"@type\":\"ListItem\",\"position\":2,\"name\":\"\ucfe0\ubc14\uc758 \uac74\uc124\ubd80 \uc7a5\uad00 (\uc8fc) \ube44\uae00\ub77c\uc138\ub77c \ubc29\ubb38\"}]},{\"@type\":\"WebSite\",\"@id\":\"https:\/\/viglaceraip.com\/#website\",\"url\":\"https:\/\/viglaceraip.com\/\",\"name\":\"ViglaceraIP\",\"description\":\"Viglacera Industrial Park\",\"publisher\":{\"@id\":\"https:\/\/viglaceraip.com\/#organization\"},\"potentialAction\":[{\"@type\":\"SearchAction\",\"target\":{\"@type\":\"EntryPoint\",\"urlTemplate\":\"https:\/\/viglaceraip.com\/?s={search_term_string}\"},\"query-input\":\"required name=search_term_string\"}],\"inLanguage\":\"ko-KR\"},{\"@type\":\"Organization\",\"@id\":\"https:\/\/viglaceraip.com\/#organization\",\"name\":\"Viglacera Real Estate Company\",\"url\":\"https:\/\/viglaceraip.com\/\",\"logo\":{\"@type\":\"ImageObject\",\"inLanguage\":\"ko-KR\",\"@id\":\"https:\/\/viglaceraip.com\/#\/schema\/logo\/image\/\",\"url\":\"https:\/\/viglaceraip.com\/wp-content\/uploads\/2022\/10\/Viglacera-logo.png\",\"contentUrl\":\"https:\/\/viglaceraip.com\/wp-content\/uploads\/2022\/10\/Viglacera-logo.png\",\"width\":1202,\"height\":1118,\"caption\":\"Viglacera Real Estate Company\"},\"image\":{\"@id\":\"https:\/\/viglaceraip.com\/#\/schema\/logo\/image\/\"},\"sameAs\":[\"https:\/\/vn.linkedin.com\/showcase\/viglacera-industrial-parks\/\",\"https:\/\/www.youtube.com\/channel\/UCWIy9sCwbF5AIqisCqkM6mQ\/videos\",\"https:\/\/blog.naver.com\/viglaceraip_official\/\",\"https:\/\/www.facebook.com\/viglaceraland\/\"]},{\"@type\":\"Person\",\"@id\":\"https:\/\/viglaceraip.com\/#\/schema\/person\/85c02b12e393726c3d6b36cd35f7b70e\",\"name\":\"Viglacera IP\",\"image\":{\"@type\":\"ImageObject\",\"inLanguage\":\"ko-KR\",\"@id\":\"https:\/\/viglaceraip.com\/#\/schema\/person\/image\/\",\"url\":\"https:\/\/secure.gravatar.com\/avatar\/76e3f261c0539337e7e723586c72adb8?s=96&d=mm&r=g\",\"contentUrl\":\"https:\/\/secure.gravatar.com\/avatar\/76e3f261c0539337e7e723586c72adb8?s=96&d=mm&r=g\",\"caption\":\"Viglacera IP\"},\"sameAs\":[\"https:\/\/viglaceraip.com\"]}]}<\/script>\n<!-- \/ Yoast SEO Premium plugin. -->","yoast_head_json":{"title":"\ucfe0\ubc14\uc758 \uac74\uc124\ubd80 \uc7a5\uad00 (\uc8fc) \ube44\uae00\ub77c\uc138\ub77c \ubc29\ubb38 - ViglaceraIP","description":"2023\ub144 3\uc6d4 27 ~ 30\uc77c \uac04, \ucfe0\ubc14\uc758 \uac74\uc124\ubd80 Ren\u00e9 Mesa Villafana \uc7a5\uad00\uacfc \uc8fc \ubca0\ud2b8\ub0a8 \ucfe0\uc790\uc758 Orlando Nicol\u00e1s Hern\u00e1ndez Guill\u00e9n\ub300\uc0ac\uac00 (\uc8fc) \ube44\uae00\ub77c\uc138\ub77c \ubcf8\uc0ac \ubc0f \ube59\ucbd4\uc5c9(B\u00ecnh D\u01b0\u01a1ng) \uc131 \uac74\uc790\uc7ac \uc0dd\uc0b0 \uacf5\uc7a5\uc744 \ubc29\ubb38\ud558\uc600\ub2e4...","robots":{"index":"index","follow":"follow","max-snippet":"max-snippet:-1","max-image-preview":"max-image-preview:large","max-video-preview":"max-video-preview:-1"},"canonical":"https:\/\/viglaceraip.com\/ko\/cuban-minister-of-construction-visited-and-worked-with-viglacera-corporation-jsc-ko\/","og_locale":"ko_KR","og_type":"article","og_title":"\ucfe0\ubc14\uc758 \uac74\uc124\ubd80 \uc7a5\uad00 (\uc8fc) \ube44\uae00\ub77c\uc138\ub77c \ubc29\ubb38","og_description":"2023\ub144 3\uc6d4 27 ~ 30\uc77c \uac04, \ucfe0\ubc14\uc758 \uac74\uc124\ubd80 Ren\u00e9 Mesa Villafana \uc7a5\uad00\uacfc \uc8fc \ubca0\ud2b8\ub0a8 \ucfe0\uc790\uc758 Orlando Nicol\u00e1s Hern\u00e1ndez Guill\u00e9n\ub300\uc0ac\uac00 (\uc8fc) \ube44\uae00\ub77c\uc138\ub77c \ubcf8\uc0ac \ubc0f \ube59\ucbd4\uc5c9(B\u00ecnh D\u01b0\u01a1ng) \uc131 \uac74\uc790\uc7ac \uc0dd\uc0b0 \uacf5\uc7a5\uc744 \ubc29\ubb38\ud558\uc600\ub2e4...","og_url":"https:\/\/viglaceraip.com\/ko\/cuban-minister-of-construction-visited-and-worked-with-viglacera-corporation-jsc-ko\/","og_site_name":"ViglaceraIP","article_publisher":"https:\/\/www.facebook.com\/viglaceraland\/","article_published_time":"2023-03-31T12:26:22+00:00","article_modified_time":"2023-08-22T12:32:40+00:00","og_image":[{"width":1024,"height":683,"url":"https:\/\/viglaceraip.com\/wp-content\/uploads\/2023\/04\/Bo-truong-BXD-Cuba-tham-Viglacera.jpg","type":"image\/jpeg"}],"author":"Viglacera IP","twitter_card":"summary_large_image","twitter_misc":{"Written by":"Viglacera IP","Est. reading time":"2\ubd84"},"schema":{"@context":"https:\/\/schema.org","@graph":[{"@type":"Article","@id":"https:\/\/viglaceraip.com\/ko\/cuban-minister-of-construction-visited-and-worked-with-viglacera-corporation-jsc-ko\/#article","isPartOf":{"@id":"https:\/\/viglaceraip.com\/ko\/cuban-minister-of-construction-visited-and-worked-with-viglacera-corporation-jsc-ko\/"},"author":{"name":"Viglacera IP","@id":"https:\/\/viglaceraip.com\/#\/schema\/person\/85c02b12e393726c3d6b36cd35f7b70e"},"headline":"\ucfe0\ubc14\uc758 \uac74\uc124\ubd80 \uc7a5\uad00 (\uc8fc) \ube44\uae00\ub77c\uc138\ub77c \ubc29\ubb38","datePublished":"2023-03-31T12:26:22+00:00","dateModified":"2023-08-22T12:32:40+00:00","mainEntityOfPage":{"@id":"https:\/\/viglaceraip.com\/ko\/cuban-minister-of-construction-visited-and-worked-with-viglacera-corporation-jsc-ko\/"},"wordCount":43,"publisher":{"@id":"https:\/\/viglaceraip.com\/#organization"},"articleSection":["News-ko"],"inLanguage":"ko-KR"},{"@type":"WebPage","@id":"https:\/\/viglaceraip.com\/ko\/cuban-minister-of-construction-visited-and-worked-with-viglacera-corporation-jsc-ko\/","url":"https:\/\/viglaceraip.com\/ko\/cuban-minister-of-construction-visited-and-worked-with-viglacera-corporation-jsc-ko\/","name":"\ucfe0\ubc14\uc758 \uac74\uc124\ubd80 \uc7a5\uad00 (\uc8fc) \ube44\uae00\ub77c\uc138\ub77c \ubc29\ubb38 - ViglaceraIP","isPartOf":{"@id":"https:\/\/viglaceraip.com\/#website"},"datePublished":"2023-03-31T12:26:22+00:00","dateModified":"2023-08-22T12:32:40+00:00","description":"2023\ub144 3\uc6d4 27 ~ 30\uc77c \uac04, \ucfe0\ubc14\uc758 \uac74\uc124\ubd80 Ren\u00e9 Mesa Villafana \uc7a5\uad00\uacfc \uc8fc \ubca0\ud2b8\ub0a8 \ucfe0\uc790\uc758 Orlando Nicol\u00e1s Hern\u00e1ndez Guill\u00e9n\ub300\uc0ac\uac00 (\uc8fc) \ube44\uae00\ub77c\uc138\ub77c \ubcf8\uc0ac \ubc0f \ube59\ucbd4\uc5c9(B\u00ecnh D\u01b0\u01a1ng) \uc131 \uac74\uc790\uc7ac \uc0dd\uc0b0 \uacf5\uc7a5\uc744 \ubc29\ubb38\ud558\uc600\ub2e4...","breadcrumb":{"@id":"https:\/\/viglaceraip.com\/ko\/cuban-minister-of-construction-visited-and-worked-with-viglacera-corporation-jsc-ko\/#breadcrumb"},"inLanguage":"ko-KR","potentialAction":[{"@type":"ReadAction","target":["https:\/\/viglaceraip.com\/ko\/cuban-minister-of-construction-visited-and-worked-with-viglacera-corporation-jsc-ko\/"]}]},{"@type":"BreadcrumbList","@id":"https:\/\/viglaceraip.com\/ko\/cuban-minister-of-construction-visited-and-worked-with-viglacera-corporation-jsc-ko\/#breadcrumb","itemListElement":[{"@type":"ListItem","position":1,"name":"Home","item":"https:\/\/viglaceraip.com\/ko\/"},{"@type":"ListItem","position":2,"name":"\ucfe0\ubc14\uc758 \uac74\uc124\ubd80 \uc7a5\uad00 (\uc8fc) \ube44\uae00\ub77c\uc138\ub77c \ubc29\ubb38"}]},{"@type":"WebSite","@id":"https:\/\/viglaceraip.com\/#website","url":"https:\/\/viglaceraip.com\/","name":"ViglaceraIP","description":"Viglacera Industrial Park","publisher":{"@id":"https:\/\/viglaceraip.com\/#organization"},"potentialAction":[{"@type":"SearchAction","target":{"@type":"EntryPoint","urlTemplate":"https:\/\/viglaceraip.com\/?s={search_term_string}"},"query-input":"required name=search_term_string"}],"inLanguage":"ko-KR"},{"@type":"Organization","@id":"https:\/\/viglaceraip.com\/#organization","name":"Viglacera Real Estate Company","url":"https:\/\/viglaceraip.com\/","logo":{"@type":"ImageObject","inLanguage":"ko-KR","@id":"https:\/\/viglaceraip.com\/#\/schema\/logo\/image\/","url":"https:\/\/viglaceraip.com\/wp-content\/uploads\/2022\/10\/Viglacera-logo.png","contentUrl":"https:\/\/viglaceraip.com\/wp-content\/uploads\/2022\/10\/Viglacera-logo.png","width":1202,"height":1118,"caption":"Viglacera Real Estate Company"},"image":{"@id":"https:\/\/viglaceraip.com\/#\/schema\/logo\/image\/"},"sameAs":["https:\/\/vn.linkedin.com\/showcase\/viglacera-industrial-parks\/","https:\/\/www.youtube.com\/channel\/UCWIy9sCwbF5AIqisCqkM6mQ\/videos","https:\/\/blog.naver.com\/viglaceraip_official\/","https:\/\/www.facebook.com\/viglaceraland\/"]},{"@type":"Person","@id":"https:\/\/viglaceraip.com\/#\/schema\/person\/85c02b12e393726c3d6b36cd35f7b70e","name":"Viglacera IP","image":{"@type":"ImageObject","inLanguage":"ko-KR","@id":"https:\/\/viglaceraip.com\/#\/schema\/person\/image\/","url":"https:\/\/secure.gravatar.com\/avatar\/76e3f261c0539337e7e723586c72adb8?s=96&d=mm&r=g","contentUrl":"https:\/\/secure.gravatar.com\/avatar\/76e3f261c0539337e7e723586c72adb8?s=96&d=mm&r=g","caption":"Viglacera IP"},"sameAs":["https:\/\/viglaceraip.com"]}]}},"_links":{"self":[{"href":"https:\/\/viglaceraip.com\/ko\/wp-json\/wp\/v2\/posts\/35221"}],"collection":[{"href":"https:\/\/viglaceraip.com\/ko\/wp-json\/wp\/v2\/posts"}],"about":[{"href":"https:\/\/viglaceraip.com\/ko\/wp-json\/wp\/v2\/types\/post"}],"author":[{"embeddable":true,"href":"https:\/\/viglaceraip.com\/ko\/wp-json\/wp\/v2\/users\/6"}],"replies":[{"embeddable":true,"href":"https:\/\/viglaceraip.com\/ko\/wp-json\/wp\/v2\/comments?post=35221"}],"version-history":[{"count":0,"href":"https:\/\/viglaceraip.com\/ko\/wp-json\/wp\/v2\/posts\/35221\/revisions"}],"wp:featuredmedia":[{"embeddable":true,"href":"https:\/\/viglaceraip.com\/ko\/wp-json\/wp\/v2\/media\/34324"}],"wp:attachment":[{"href":"https:\/\/viglaceraip.com\/ko\/wp-json\/wp\/v2\/media?parent=35221"}],"wp:term":[{"taxonomy":"category","embeddable":true,"href":"https:\/\/viglaceraip.com\/ko\/wp-json\/wp\/v2\/categories?post=35221"},{"taxonomy":"post_tag","embeddable":true,"href":"https:\/\/viglaceraip.com\/ko\/wp-json\/wp\/v2\/tags?post=35221"}],"curies":[{"name":"wp","href":"https:\/\/api.w.org\/{rel}","templated":true}]}}